{"id":941,"date":"2025-01-31T14:50:28","date_gmt":"2025-01-31T17:50:28","guid":{"rendered":"https:\/\/cidadeembudasartes.sp.gov.br\/turismo\/?p=941"},"modified":"2025-02-07T20:11:00","modified_gmt":"2025-02-07T23:11:00","slug":"patrimonio-feira-de-artes-e-artesanato-celebra-56-anos-e-segue-atraindo-milhares-de-visitantes","status":"publish","type":"post","link":"http:\/\/cidadeembudasartes.sp.gov.br\/turismo\/patrimonio-feira-de-artes-e-artesanato-celebra-56-anos-e-segue-atraindo-milhares-de-visitantes\/","title":{"rendered":"Patrim\u00f4nio: Feira de Artes e Artesanato celebra 56 anos e segue atraindo milhares de visitantes"},"content":{"rendered":"\n<p><sub>&#8211; <em><strong>Por <\/strong><\/em><strong><em>Alex Natalino<\/em><\/strong><\/sub><br><br>A&nbsp;<strong>Feira de Artes e Artesanato de Embu das Artes<\/strong>&nbsp;faz anivers\u00e1rio e&nbsp;<strong>completa 56 anos de atividade<\/strong>&nbsp;nesta sexta-feira (31\/1). Inserida em quatro quarteir\u00f5es no Centro Hist\u00f3rico do munic\u00edpio h\u00e1 d\u00e9cadas, ela re\u00fane atualmente cerca de 500 expositores, com artistas e artes\u00e3os que exp\u00f5em suas obras e produtos para venda aos s\u00e1bados, domingos e feriados.<\/p>\n\n\n\n<p>Nos fins de semana, a Feira recebe, aproximadamente, de 30 a 40 mil visitantes vindos de v\u00e1rias regi\u00f5es do estado de S\u00e3o Paulo, do Brasil e do mundo, atra\u00eddos por artesanato, bijuterias, miniaturas, pinturas, esculturas, porcelanas, bordados, rendarias, instrumentos, roupas, objetos de decora\u00e7\u00e3o, cestaria, entre outros artigos.<\/p>\n\n\n\n<p>Os expositores se distribuem pr\u00f3ximos ao Largo dos Jesu\u00edtas, onde fica o centen\u00e1rio Museu de Arte Sacra, e por ruas e vielas estilosas com constru\u00e7\u00f5es r\u00fasticas, proporcionando um ambiente acolhedor com clima de cidade do interior.<\/p>\n\n\n\n<p>Em 2021, a Feira passou a ser considerada\u00a0<strong><a href=\"https:\/\/www.al.sp.gov.br\/noticia\/?id=419385\" data-type=\"link\" data-id=\"https:\/\/www.al.sp.gov.br\/noticia\/?id=419385\" target=\"_blank\" rel=\"noreferrer noopener\">Patrim\u00f4nio Cultural Imaterial do Estado de S\u00e3o Paulo<\/a><\/strong>\u00a0em Lei aprovada pela Assembleia Legislativa do Estado de S\u00e3o Paulo (Alesp).<\/p>\n\n\n\n<p><strong>Como surgiu a Feira?<\/strong><\/p>\n\n\n\n<p>A voca\u00e7\u00e3o art\u00edstica da cidade teve origem a partir da edifica\u00e7\u00e3o da Igreja N. S. do Ros\u00e1rio, hoje Museu de Arte Sacra, erguida por padres jesu\u00edtas e ind\u00edgenas no per\u00edodo colonial (1690-1740), que tamb\u00e9m confeccionaram suas obras e imagens religiosas.<\/p>\n\n\n\n<p>J\u00e1 no s\u00e9culo 20, artistas como C\u00e1ssio M\u00b4Boy, Tadakiyo Sakai e tantos outros ajudaram a consolidar a produ\u00e7\u00e3o de obras de arte no territ\u00f3rio junto com o escultor Mestre Assis do Embu e o poeta Solano Trindade, este \u00faltimo, incorporando no munic\u00edpio elementos da ess\u00eancia cultural brasileira, trazendo repert\u00f3rio de ritmos e dan\u00e7as afro-brasileiras. A partir do 1\u00ba Sal\u00e3o de Artes Pl\u00e1sticas de Embu em 1964, que reuniu trabalhos de diversos artistas renomados, a arte produzida em Embu das Artes passou a ser reconhecida nacional e internacionalmente.<\/p>\n\n\n\n<p>A presen\u00e7a de artistas, artes\u00e3os e hippies que por aqui chegaram na d\u00e9cada de 60 ampliou a atividade art\u00edstica na cidade. Assim, sob a temperatura de tempos de transforma\u00e7\u00e3o social, mudan\u00e7a de padr\u00f5es comportamentais e efervesc\u00eancia pol\u00edtica, estudantil e cultural, nasce em 1969 a Feira de Artes e Artesanato, em frente ao Museu de Arte Sacra, articulada por Mestre Assis do Embu, que estimulou a vinda para a cidade dos expositores da ent\u00e3o feira da Pra\u00e7a da Rep\u00fablica, em S\u00e3o Paulo.<\/p>\n\n\n\n<p>No decorrer de sua exist\u00eancia, ocorreram no entorno da Feira shows como de Rita Lee, Novos Baianos, Jorge Mautner e Tom Z\u00e9, houve frequentes visitas de ilustres como Nath\u00e1lia Thimberg, Moacir Franco e Gianfrancesco Guarnieri, al\u00e9m de presen\u00e7as roqueiras internacionais como do grupo The Mamas &amp; the Papas e do cantor Mick Jagger, da banda Rolling Stones.<\/p>\n\n\n\n<p>Outra figura que transitou pela Feira foi Jos\u00e9 Agrippino de Paula, autor do livro PanAm\u00e9rica (1967), obra fundamental para o desenvolvimento do movimento Tropic\u00e1lia. O escritor, dramaturgo, cineasta e diretor passou a morar em 1980 em Embu das Artes, onde morreu em 2007. Era grande conhecedor da cultura local.<\/p>\n\n\n\n<p>E n\u00e3o s\u00f3 a tradi\u00e7\u00e3o e a cultura popular brasileiras brotaram por essa terra, pois artistas estrangeiros tamb\u00e9m se fixaram no munic\u00edpio, entre eles, japoneses, argentinos, uruguaios, chilenos, bolivianos, peruanos, haitianos etc., influenciando substancialmente a cena cultural embuense.<\/p>\n","protected":false},"excerpt":{"rendered":"<p>&#8211; Por Alex Natalino A&nbsp;Feira de Artes e Artesanato de Embu das Artes&nbsp;faz anivers\u00e1rio e&nbsp;completa 56 anos de atividade&nbsp;nesta sexta-feira (31\/1). Inserida em quatro quarteir\u00f5es no Centro Hist\u00f3rico do munic\u00edpio h\u00e1 d\u00e9cadas, ela re\u00fane atualmente cerca de 500 expositores, com artistas e artes\u00e3os que exp\u00f5em suas obras e produtos para venda aos s\u00e1bados, domingos e [&hellip;]<\/p>\n","protected":false},"author":36,"featured_media":943,"comment_status":"open","ping_status":"open","sticky":false,"template":"","format":"standard","meta":{"footnotes":""},"categories":[47],"tags":[44,45,46],"class_list":["post-941","post","type-post","status-publish","format-standard","has-post-thumbnail","hentry","category-noticias","tag-aniversario-da-feira-de-embu-das-artes","tag-feira-de-artes-de-artesanato-de-embu-das-artes-faz-aniversario-e-completa-56-anos","tag-feira-de-artes-e-artesanato-de-embu-da-artes"],"_links":{"self":[{"href":"http:\/\/cidadeembudasartes.sp.gov.br\/turismo\/wp-json\/wp\/v2\/posts\/941","targetHints":{"allow":["GET"]}}],"collection":[{"href":"http:\/\/cidadeembudasartes.sp.gov.br\/turismo\/wp-json\/wp\/v2\/posts"}],"about":[{"href":"http:\/\/cidadeembudasartes.sp.gov.br\/turismo\/wp-json\/wp\/v2\/types\/post"}],"author":[{"embeddable":true,"href":"http:\/\/cidadeembudasartes.sp.gov.br\/turismo\/wp-json\/wp\/v2\/users\/36"}],"replies":[{"embeddable":true,"href":"http:\/\/cidadeembudasartes.sp.gov.br\/turismo\/wp-json\/wp\/v2\/comments?post=941"}],"version-history":[{"count":19,"href":"http:\/\/cidadeembudasartes.sp.gov.br\/turismo\/wp-json\/wp\/v2\/posts\/941\/revisions"}],"predecessor-version":[{"id":1484,"href":"http:\/\/cidadeembudasartes.sp.gov.br\/turismo\/wp-json\/wp\/v2\/posts\/941\/revisions\/1484"}],"wp:featuredmedia":[{"embeddable":true,"href":"http:\/\/cidadeembudasartes.sp.gov.br\/turismo\/wp-json\/wp\/v2\/media\/943"}],"wp:attachment":[{"href":"http:\/\/cidadeembudasartes.sp.gov.br\/turismo\/wp-json\/wp\/v2\/media?parent=941"}],"wp:term":[{"taxonomy":"category","embeddable":true,"href":"http:\/\/cidadeembudasartes.sp.gov.br\/turismo\/wp-json\/wp\/v2\/categories?post=941"},{"taxonomy":"post_tag","embeddable":true,"href":"http:\/\/cidadeembudasartes.sp.gov.br\/turismo\/wp-json\/wp\/v2\/tags?post=941"}],"curies":[{"name":"wp","href":"https:\/\/api.w.org\/{rel}","templated":true}]}}